{"id":216,"date":"2022-04-06T15:15:57","date_gmt":"2022-04-06T13:15:57","guid":{"rendered":"https:\/\/www.icf-coaching.org\/aurelie-berenguer\/2022\/04\/06\/lorem-ipsum-dolor-sit-amet-consectetur-adipiscing-elit-2\/"},"modified":"2025-02-09T19:31:38","modified_gmt":"2025-02-09T08:31:38","slug":"lorem-ipsum-dolor-sit-amet-consectetur-adipiscing-elit-2","status":"publish","type":"post","link":"https:\/\/www.icf-coaching.org\/aurelie-berenguer\/2022\/04\/06\/lorem-ipsum-dolor-sit-amet-consectetur-adipiscing-elit-2\/","title":{"rendered":"Clarification des diff\u00e9rentes expertises de Boost Yourself NC"},"content":{"rendered":"<p class=\"p2\"><span class=\"s2\">Mon accompagnement repose sur <strong>trois piliers compl\u00e9mentaires : <\/strong><\/span><span class=\"s3\"><strong>consultante, formatrice et coach<\/strong> professionnel<\/span><span class=\"s2\">. Chacune de ces casquettes r\u00e9pond \u00e0 des besoins sp\u00e9cifiques et suit une approche distincte pour vous amener aux r\u00e9sultats que vous souhaitez atteindre.<\/span><\/p>\n<p class=\"p5\"><strong><span class=\"s5\">\ud83d\udd39 Audit et conseil : Structurer, Optimiser, D\u00e9velopper<\/span><\/strong><\/p>\n<p class=\"p3\"><strong><span class=\"s3\">\ud83d\udccc Objectif :<\/span><\/strong><span class=\"s2\"> Vous fournir des solutions strat\u00e9giques et op\u00e9rationnelles pour d\u00e9velopper votre entreprise ou structurer un projet avec une approche concr\u00e8te et orient\u00e9e r\u00e9sultats.<\/span><\/p>\n<p class=\"p2\"><strong>\ud83d\udee0\ufe0f M\u00e9thode :<\/strong><\/p>\n<p class=\"p6\"><span class=\"s2\"> \u2022 Analyse approfondie de votre situation et diagnostic strat\u00e9gique<\/span><\/p>\n<p class=\"p6\"><span class=\"s2\"> \u2022 Recommandations personnalis\u00e9es bas\u00e9es sur des mod\u00e8les \u00e9prouv\u00e9s<\/span><\/p>\n<p class=\"p6\"><span class=\"s2\"> \u2022 \u00c9laboration d\u2019un plan d\u2019action structur\u00e9 avec indicateurs de suivi<\/span><\/p>\n<p class=\"p3\"><strong><span class=\"s3\">\u2699\ufe0f Processus :<\/span><\/strong><\/p>\n<p class=\"p3\"><span class=\"s2\">\u2705 <\/span><span class=\"s3\">\u00c9tat des lieux et diagnostic<\/span><span class=\"s2\"> de votre business ou projet<\/span><\/p>\n<p class=\"p3\"><span class=\"s2\">\u2705 <\/span><span class=\"s3\">D\u00e9finition des objectifs et axes d\u2019am\u00e9lioration<\/span><\/p>\n<p class=\"p3\"><span class=\"s2\">\u2705 <\/span><span class=\"s3\">Mise en place d\u2019un plan strat\u00e9gique et suivi des actions<\/span><\/p>\n<p class=\"p2\"><em><span class=\"s2\">\ud83d\udd39 <\/span><span class=\"s3\">Approche id\u00e9ale si vous cherchez des solutions concr\u00e8tes, des recommandations expertes et un accompagnement sur la mise en \u0153uvre.<\/span><\/em><\/p>\n<p>&nbsp;<\/p>\n<p>&nbsp;<\/p>\n<p class=\"p5\"><strong><span class=\"s5\">\ud83d\udd39 Formation : Transmettre, Outiller, Autonomiser<\/span><\/strong><\/p>\n<p class=\"p3\"><strong><span class=\"s3\">\ud83d\udccc Objectif :<\/span><\/strong><span class=\"s2\"> Vous aider \u00e0 monter en comp\u00e9tences sur des th\u00e9matiques cl\u00e9s comme le <\/span><span class=\"s3\">leadership, la gestion du temps, la performance manag\u00e9riale, l\u2019intelligence \u00e9motionnelle et la communication<\/span><span class=\"s2\">.<\/span><\/p>\n<p class=\"p3\"><strong><span class=\"s3\">\ud83d\udee0\ufe0f M\u00e9thode :<\/span><\/strong><\/p>\n<p class=\"p6\"><span class=\"s2\"> \u2022 Apprentissage interactif bas\u00e9 sur des \u00e9tudes de cas et mises en situation<\/span><\/p>\n<p class=\"p6\"><span class=\"s2\"> \u2022 Exercices pratiques et application directe dans votre environnement professionnel<\/span><\/p>\n<p class=\"p6\"><span class=\"s2\"> \u2022 Feedback et ancrage des comp\u00e9tences pour un impact durable<\/span><\/p>\n<p class=\"p2\"><strong>\u2699\ufe0f Processus :<\/strong><\/p>\n<p class=\"p3\"><span class=\"s2\">\u2705 <\/span><span class=\"s3\">\u00c9valuation des besoins et des comp\u00e9tences \u00e0 d\u00e9velopper<\/span><\/p>\n<p class=\"p3\"><span class=\"s2\">\u2705 <\/span><span class=\"s3\">Formation dynamique et immersive (individuelle ou collective)<\/span><\/p>\n<p class=\"p3\"><span class=\"s2\">\u2705 <\/span><span class=\"s3\">Mise en application et suivi des r\u00e9sultats<\/span><\/p>\n<p class=\"p2\"><em><span class=\"s2\">\ud83d\udd39 <\/span><span class=\"s3\">Approche id\u00e9ale si vous souhaitez renforcer vos comp\u00e9tences, mieux g\u00e9rer votre \u00e9quipe, structurer votre activit\u00e9 et devenir plus efficace au quotidien.<\/span><\/em><\/p>\n<p>&nbsp;<\/p>\n<p>&nbsp;<\/p>\n<p class=\"p5\"><strong><span class=\"s5\">\ud83d\udd39 Coaching Professionnel : Transformer, \u00c9lever, R\u00e9v\u00e9ler<\/span><\/strong><\/p>\n<p class=\"p2\"><span class=\"s3\"><strong>\ud83d\udccc Objectif<\/strong> :<\/span><span class=\"s2\"> Vous accompagner dans une transformation profonde, en travaillant sur votre <\/span><span class=\"s3\">mindset, votre intelligence \u00e9motionnelle et votre leadership<\/span><span class=\"s2\"> pour vous aider \u00e0 atteindre vos objectifs avec plus de clart\u00e9 et de s\u00e9r\u00e9nit\u00e9.<\/span><\/p>\n<p class=\"p3\"><strong><span class=\"s3\">\ud83d\udee0\ufe0f M\u00e9thode :<\/span><\/strong><\/p>\n<p class=\"p6\"><span class=\"s2\"> \u2022 Questionnement puissant pour d\u00e9clencher des prises de conscience<\/span><\/p>\n<p class=\"p6\"><span class=\"s2\"> \u2022 Travail en profondeur sur les croyances limitantes et les leviers de motivation<\/span><\/p>\n<p class=\"p6\"><span class=\"s2\"> \u2022 Mise en place d\u2019un plan d\u2019action align\u00e9 avec vos valeurs et aspirations<\/span><\/p>\n<p class=\"p2\"><strong>\u2699\ufe0f Processus :<\/strong><\/p>\n<p class=\"p3\"><span class=\"s2\">\u2705 <\/span><span class=\"s3\">Exploration de votre probl\u00e9matique et d\u00e9finition de votre objectif<\/span><\/p>\n<p class=\"p3\"><span class=\"s2\">\u2705 <\/span><span class=\"s3\">D\u00e9construction des freins et mise en lumi\u00e8re de vos forces<\/span><\/p>\n<p class=\"p3\"><span class=\"s2\">\u2705 <\/span><span class=\"s3\">Exp\u00e9rimentation et int\u00e9gration progressive des changements<\/span><\/p>\n<p class=\"p3\"><em><span class=\"s2\">\ud83d\udd39 <\/span><span class=\"s3\">Approche id\u00e9ale si vous souhaitez un changement durable, renforcer votre posture de leader, mieux g\u00e9rer votre stress et d\u00e9velopper votre potentiel \u00e0 100 %.<\/span><\/em><\/p>\n<p>&nbsp;<\/p>\n<p>&nbsp;<\/p>\n<p class=\"p1\"><strong><span class=\"s1\">Quelle approche est faite pour vous ?<\/span><\/strong><\/p>\n<p class=\"p3\"><span class=\"s2\">\ud83d\udca1 <\/span><span class=\"s3\">Vous avez besoin de solutions et d\u2019un plan d\u2019action clair ? \u2192 Optez pour du conseil.<\/span><\/p>\n<p class=\"p3\"><span class=\"s2\">\ud83d\udca1 <\/span><span class=\"s3\">Vous voulez acqu\u00e9rir de nouvelles comp\u00e9tences et structurer votre approche ? \u2192 La formation est id\u00e9ale.<\/span><\/p>\n<p class=\"p3\"><span class=\"s2\">\ud83d\udca1 <\/span><span class=\"s3\">Vous souhaitez \u00e9voluer en profondeur et transformer votre mani\u00e8re de penser et d\u2019agir ? \u2192 Le coaching est votre alli\u00e9.<\/span><\/p>\n<p>&nbsp;<\/p>\n<p class=\"p3\"><strong><span class=\"s2\">\ud83d\udce9 <\/span><span class=\"s3\">Vous h\u00e9sitez ? Discutons-en ensemble pour trouver l\u2019accompagnement qui vous correspond.<\/span><span class=\"s2\"> \ud83d\ude80<\/span><\/strong><\/p>\n","protected":false},"excerpt":{"rendered":"<p>Mon accompagnement repose sur trois piliers compl\u00e9mentaires : consultante, formatrice et coach professionnel. Chacune de ces casquettes r\u00e9pond \u00e0 des besoins sp\u00e9cifiques et suit une approche distincte pour vous amener aux r\u00e9sultats que vous souhaitez atteindre. \ud83d\udd39 Audit et conseil : Structurer, Optimiser, D\u00e9velopper \ud83d\udccc Objectif : Vous fournir des solutions strat\u00e9giques et op\u00e9rationnelles pour [&hellip;]<\/p>\n","protected":false},"author":1,"featured_media":0,"comment_status":"open","ping_status":"open","sticky":false,"template":"","format":"standard","meta":[],"categories":[1],"tags":[],"acf":[],"_links":{"self":[{"href":"https:\/\/www.icf-coaching.org\/aurelie-berenguer\/wp-json\/wp\/v2\/posts\/216"}],"collection":[{"href":"https:\/\/www.icf-coaching.org\/aurelie-berenguer\/wp-json\/wp\/v2\/posts"}],"about":[{"href":"https:\/\/www.icf-coaching.org\/aurelie-berenguer\/wp-json\/wp\/v2\/types\/post"}],"author":[{"embeddable":true,"href":"https:\/\/www.icf-coaching.org\/aurelie-berenguer\/wp-json\/wp\/v2\/users\/1"}],"replies":[{"embeddable":true,"href":"https:\/\/www.icf-coaching.org\/aurelie-berenguer\/wp-json\/wp\/v2\/comments?post=216"}],"version-history":[{"count":4,"href":"https:\/\/www.icf-coaching.org\/aurelie-berenguer\/wp-json\/wp\/v2\/posts\/216\/revisions"}],"predecessor-version":[{"id":260,"href":"https:\/\/www.icf-coaching.org\/aurelie-berenguer\/wp-json\/wp\/v2\/posts\/216\/revisions\/260"}],"wp:attachment":[{"href":"https:\/\/www.icf-coaching.org\/aurelie-berenguer\/wp-json\/wp\/v2\/media?parent=216"}],"wp:term":[{"taxonomy":"category","embeddable":true,"href":"https:\/\/www.icf-coaching.org\/aurelie-berenguer\/wp-json\/wp\/v2\/categories?post=216"},{"taxonomy":"post_tag","embeddable":true,"href":"https:\/\/www.icf-coaching.org\/aurelie-berenguer\/wp-json\/wp\/v2\/tags?post=216"}],"curies":[{"name":"wp","href":"https:\/\/api.w.org\/{rel}","templated":true}]}}